{"id":716,"date":"2012-03-15T06:46:22","date_gmt":"2012-03-15T05:46:22","guid":{"rendered":"http:\/\/www.siedler-wt.de\/w\/?p=716"},"modified":"2019-06-06T14:00:47","modified_gmt":"2019-06-06T12:00:47","slug":"ruckblick-aufs-jubilaumsjahr","status":"publish","type":"post","link":"https:\/\/siedler-wt.de\/w\/2012\/03\/15\/ruckblick-aufs-jubilaumsjahr\/","title":{"rendered":"R\u00fcckblick aufs Jubil\u00e4umsjahr"},"content":{"rendered":"<p><a href=\"http:\/\/www.siedler-wt.de\/w\/wp-content\/uploads\/2012\/03\/Presse-2012-03-15.png\"><img loading=\"lazy\" decoding=\"async\" class=\"size-medium wp-image-718 alignleft\" title=\"Ehrungen bei der Siedlergemeinschaft\" src=\"http:\/\/www.siedler-wt.de\/w\/wp-content\/uploads\/2012\/03\/Presse-2012-03-15-300x144.png\" alt=\"Ehrungen bei der Siedlergemeinschaft\" width=\"300\" height=\"144\" \/><\/a><strong><\/strong><\/p>\n<p><strong>Ehrungen bei der Siedlergemeinschaft:<br \/>\n<\/strong>(v.l.) Kreisvorsitzender Franz W\u00fcrth, Vorsitzender Markus Beck, die Geehrten Siegfried Brauner (25 Jahre) und Herbert Meier (50 Jahre), der stellvertretende Vorsitzende Bernhard Br\u00f6cheler, der neue Schriftf\u00fchrer Albert Urner und die scheidende Schriftf\u00fchrerin Petra Gr\u00fcninger.<br \/>\nBild &#8211; S\u00fcdkurier: M. Ebner<\/p>\n<p>&nbsp;<\/p>\n<p><strong>Siedlergemeinschaft Waldshut zieht positive Bilanz. Albert Urner neuer Schriftf\u00fchrer<\/strong><\/p>\n<p>Auf ein positives Vereinsjahr zur\u00fcckblicken konnte die Siedlergemeinschaft Waldshut bei ihrer Hauptversammlung im Siedlerheim in der Schmittenau. Auf dem Programm standen Wahlen und Ehrungen. Der neue Name der Siedlergemeinschaft wurde nochmals bekannt gemacht und lautet ab sofort \u201eVerband Wohneigentum\u201c.<\/p>\n<p>In seinem R\u00fcckblick listete Vorsitzender Markus Beck etliche Aktivit\u00e4ten auf: So gab es eine Maiwanderung von Waldhaus nach Waldshut und im Juli die Feier zum 75-j\u00e4hrigen Jubil\u00e4um. \u201eF\u00fcr das Jubil\u00e4um haben wir lediglich 400 Euro Kosten unter dem Strich gehabt\u201c, erkl\u00e4rte Beck. Weiter gab es 2011 den Siedlerausflug im September ins Glottertal und nach Ihringen am Kaiserstuhl. Ein gro\u00dfer Anlass war die Beteiligung am Nikolausmarkt in der Schmittenau im November vergangenen Jahres. Im Januar 2012 gab es Investitionen ins Siedlerhaus. Kassiererin Marlene Zimmermann konnte ein Plus in der Kasse bekannt geben.<\/p>\n<p>F\u00fcr 50 Jahre Mitgliedschaft bei den Siedlern wurden geehrt Erich Reck und Herbert Meier. 40 Jahre im Verein ist Josef Fiack und 25 Jahre dabei sind Siegfried Brauner und Karl-Heinz Knab. Ausgezeichnet wurde auch Peter Fischer f\u00fcr zehnj\u00e4hrige Mitgliedschaft. Als neuer Schriftf\u00fchrer wurde Albert Urner gew\u00e4hlt. Er l\u00f6st damit Petra Gr\u00fcninger ab. Wiedergew\u00e4hlt wurde der stellvertretende Vorsitzende Bernhard Br\u00f6cheler.<\/p>\n<p>Gru\u00dfworte kamen von Silvia D\u00f6bele als Vertreterin der Stadt Waldshut-Tiengen, Stadtrat Harald Ebi und dem Kreisvorsitzenden der Siedlergemeinschaften Franz W\u00fcrth. Das Siedlerfest ist am Samstag, 16. Juni. Am Montag, 19. M\u00e4rz, findet ab 16 Uhr ein Zierstr\u00e4ucher-Schnittkurs im Anwesen Z\u00fcrcherstra\u00dfe 7 statt.<\/p>\n<p>Quelle: <a title=\"S\u00fcdkurier\" href=\"http:\/\/www.suedkurier.de\">S\u00fcdkurier<\/a><\/p>\n","protected":false},"excerpt":{"rendered":"<p>Ehrungen bei der Siedlergemeinschaft: (v.l.) Kreisvorsitzender Franz W\u00fcrth, Vorsitzender Markus Beck, die Geehrten Siegfried Brauner (25 Jahre) und Herbert Meier (50 Jahre), der stellvertretende Vorsitzende Bernhard Br\u00f6cheler, der neue Schriftf\u00fchrer Albert Urner und die scheidende Schriftf\u00fchrerin Petra Gr\u00fcninger. Bild &#8211; S\u00fcdkurier: M. Ebner &nbsp; Siedlergemeinschaft Waldshut zieht positive Bilanz. Albert Urner neuer Schriftf\u00fchrer Auf ein [&hellip;]<\/p>\n","protected":false},"author":2,"featured_media":718,"comment_status":"open","ping_status":"closed","sticky":false,"template":"","format":"standard","meta":{"_genesis_hide_title":false,"_genesis_hide_breadcrumbs":false,"_genesis_hide_singular_image":false,"_genesis_hide_footer_widgets":false,"_genesis_custom_body_class":"","_genesis_custom_post_class":"","_genesis_layout":"","footnotes":""},"categories":[3],"tags":[],"class_list":{"0":"post-716","1":"post","2":"type-post","3":"status-publish","4":"format-standard","5":"has-post-thumbnail","7":"category-nachrichten","8":"entry"},"_links":{"self":[{"href":"https:\/\/siedler-wt.de\/w\/wp-json\/wp\/v2\/posts\/716","targetHints":{"allow":["GET"]}}],"collection":[{"href":"https:\/\/siedler-wt.de\/w\/wp-json\/wp\/v2\/posts"}],"about":[{"href":"https:\/\/siedler-wt.de\/w\/wp-json\/wp\/v2\/types\/post"}],"author":[{"embeddable":true,"href":"https:\/\/siedler-wt.de\/w\/wp-json\/wp\/v2\/users\/2"}],"replies":[{"embeddable":true,"href":"https:\/\/siedler-wt.de\/w\/wp-json\/wp\/v2\/comments?post=716"}],"version-history":[{"count":6,"href":"https:\/\/siedler-wt.de\/w\/wp-json\/wp\/v2\/posts\/716\/revisions"}],"predecessor-version":[{"id":1118,"href":"https:\/\/siedler-wt.de\/w\/wp-json\/wp\/v2\/posts\/716\/revisions\/1118"}],"wp:featuredmedia":[{"embeddable":true,"href":"https:\/\/siedler-wt.de\/w\/wp-json\/wp\/v2\/media\/718"}],"wp:attachment":[{"href":"https:\/\/siedler-wt.de\/w\/wp-json\/wp\/v2\/media?parent=716"}],"wp:term":[{"taxonomy":"category","embeddable":true,"href":"https:\/\/siedler-wt.de\/w\/wp-json\/wp\/v2\/categories?post=716"},{"taxonomy":"post_tag","embeddable":true,"href":"https:\/\/siedler-wt.de\/w\/wp-json\/wp\/v2\/tags?post=716"}],"curies":[{"name":"wp","href":"https:\/\/api.w.org\/{rel}","templated":true}]}}