{"id":4478,"date":"2022-05-12T14:41:45","date_gmt":"2022-05-12T12:41:45","guid":{"rendered":"https:\/\/www.siedler-wt.de\/w\/?p=4478"},"modified":"2025-05-23T19:46:49","modified_gmt":"2025-05-23T17:46:49","slug":"mitglieder-versammlung-2022","status":"publish","type":"post","link":"https:\/\/siedler-wt.de\/w\/2022\/05\/12\/mitglieder-versammlung-2022\/","title":{"rendered":"Mitglieder Versammlung 2022"},"content":{"rendered":"\n<h4 class=\"wp-block-heading has-luminous-vivid-orange-color has-text-color\">Freitag, 1. Juli 2022 \u2733\ufe0e 19:00 Uhr \u2733\ufe0e Siedlerheim<\/h4>\n\n\n\n<h3 class=\"wp-block-heading\">Tagesordnung<\/h3>\n\n\n\n<ul class=\"wp-block-list\">\n<li>Begr\u00fc\u00dfung<\/li>\n\n\n\n<li>Totengedenken<\/li>\n\n\n\n<li>Protokoll der Mitgliederversammlungen 2019\/2020<\/li>\n\n\n\n<li>Rechenschaftsberichte<\/li>\n\n\n\n<li>Ehrungen<\/li>\n\n\n\n<li>Entlastung des Vorstandes<\/li>\n\n\n\n<li>Wahlen (2 Vorst\u00e4nde, 2 Beisitzer, 1 Kassenpr\u00fcfer)<\/li>\n\n\n\n<li>W\u00fcnsche und Antr\u00e4ge &#8211; Gru\u00dfworte von G\u00e4sten<\/li>\n<\/ul>\n\n\n\n<p>W\u00fcnsche und Antr\u00e4ge sind einzugeben bis sp\u00e4testens 17.06.2022 bei <\/p>\n\n\n\n<ul class=\"wp-block-list\">\n<li>Waltraud Bachmann &#8211; <a href=\"mailto:schriftfuehrer@siedler-wt.de\">schriftfuehrer@siedler-wt.de<\/a><\/li>\n<\/ul>\n\n\n\n<hr class=\"wp-block-separator has-css-opacity\"\/>\n\n\n\n<p>Wir hoffen auf zahlreiches Erscheinen.<\/p>\n\n\n\n<p class=\"has-text-align-center\"><em>Eure Siedler-Vorstandschaft<\/em><\/p>\n","protected":false},"excerpt":{"rendered":"<p><strong>Termin<\/strong>: 1. Juli 2022 &#8211; 19:00 Uhr. <br \/><strong>Ort<\/strong>: Siedlerheim<br \/>\n<a href=\"https:\/\/siedler-wt.de\/w\/2022\/05\/12\/mitglieder-versammlung-2022\/\"><br \/>\n<strong>Tagesordnung<\/strong> und weitere Informationen<\/a><\/p>\n","protected":false},"author":1,"featured_media":4526,"comment_status":"closed","ping_status":"closed","sticky":false,"template":"","format":"standard","meta":{"_genesis_hide_title":false,"_genesis_hide_breadcrumbs":false,"_genesis_hide_singular_image":false,"_genesis_hide_footer_widgets":false,"_genesis_custom_body_class":"","_genesis_custom_post_class":"","_genesis_layout":"","footnotes":""},"categories":[76],"tags":[85,84,136],"class_list":{"0":"post-4478","1":"post","2":"type-post","3":"status-publish","4":"format-standard","5":"has-post-thumbnail","7":"category-archiv","8":"tag-jahreshauptversammlung","9":"tag-mitgliederversammlung","10":"tag-wahlen","11":"entry"},"_links":{"self":[{"href":"https:\/\/siedler-wt.de\/w\/wp-json\/wp\/v2\/posts\/4478","targetHints":{"allow":["GET"]}}],"collection":[{"href":"https:\/\/siedler-wt.de\/w\/wp-json\/wp\/v2\/posts"}],"about":[{"href":"https:\/\/siedler-wt.de\/w\/wp-json\/wp\/v2\/types\/post"}],"author":[{"embeddable":true,"href":"https:\/\/siedler-wt.de\/w\/wp-json\/wp\/v2\/users\/1"}],"replies":[{"embeddable":true,"href":"https:\/\/siedler-wt.de\/w\/wp-json\/wp\/v2\/comments?post=4478"}],"version-history":[{"count":38,"href":"https:\/\/siedler-wt.de\/w\/wp-json\/wp\/v2\/posts\/4478\/revisions"}],"predecessor-version":[{"id":4647,"href":"https:\/\/siedler-wt.de\/w\/wp-json\/wp\/v2\/posts\/4478\/revisions\/4647"}],"wp:featuredmedia":[{"embeddable":true,"href":"https:\/\/siedler-wt.de\/w\/wp-json\/wp\/v2\/media\/4526"}],"wp:attachment":[{"href":"https:\/\/siedler-wt.de\/w\/wp-json\/wp\/v2\/media?parent=4478"}],"wp:term":[{"taxonomy":"category","embeddable":true,"href":"https:\/\/siedler-wt.de\/w\/wp-json\/wp\/v2\/categories?post=4478"},{"taxonomy":"post_tag","embeddable":true,"href":"https:\/\/siedler-wt.de\/w\/wp-json\/wp\/v2\/tags?post=4478"}],"curies":[{"name":"wp","href":"https:\/\/api.w.org\/{rel}","templated":true}]}}