{"id":4442,"date":"2021-09-03T13:20:50","date_gmt":"2021-09-03T11:20:50","guid":{"rendered":"https:\/\/www.siedler-wt.de\/w\/?p=4442"},"modified":"2021-09-08T08:53:19","modified_gmt":"2021-09-08T06:53:19","slug":"bernhard-broecheler-ehrenvorstand","status":"publish","type":"post","link":"https:\/\/siedler-wt.de\/w\/2021\/09\/03\/bernhard-broecheler-ehrenvorstand\/","title":{"rendered":"Bernhard Br\u00f6cheler Ehrenvorstand"},"content":{"rendered":"\n<p><strong>Bernhard Br\u00f6cheler wird als Dankesch\u00f6n f\u00fcr sein Engagement in der Siedlergemeinschaft Waldshut zum Ehrenvorstand ernannt<\/strong><\/p>\n\n\n\n<figure class=\"wp-block-image size-large\"><a href=\"https:\/\/siedler-wt.de\/w\/wp-content\/uploads\/2021\/09\/Presse_2021-09-02.jpg\"><img loading=\"lazy\" decoding=\"async\" width=\"1024\" height=\"628\" src=\"https:\/\/siedler-wt.de\/w\/wp-content\/uploads\/2021\/09\/Presse_2021-09-02-1024x628.jpg\" alt=\"\" class=\"wp-image-4443\" srcset=\"https:\/\/siedler-wt.de\/w\/wp-content\/uploads\/2021\/09\/Presse_2021-09-02-1024x628.jpg 1024w, https:\/\/siedler-wt.de\/w\/wp-content\/uploads\/2021\/09\/Presse_2021-09-02-300x184.jpg 300w, https:\/\/siedler-wt.de\/w\/wp-content\/uploads\/2021\/09\/Presse_2021-09-02-768x471.jpg 768w, https:\/\/siedler-wt.de\/w\/wp-content\/uploads\/2021\/09\/Presse_2021-09-02.jpg 1288w\" sizes=\"auto, (max-width: 1024px) 100vw, 1024px\" \/><\/a><\/figure>\n\n\n\n<p>Bernhard Br\u00f6cheler (links) wurde zum Ehrenvorstand ernannt, die goldene Ehrennadel f\u00fcr 40 Jahre im Verein bekamen Waltraud und Rudolf Klemm. |&nbsp;Bild: Susanne Schleinzer-Bilal<\/p>\n\n\n\n<p><a href=\"https:\/\/www.suedkurier.de\/region\/hochrhein\/waldshut-tiengen\/bernhard-broecheler-wird-als-dankeschoen-fuer-sein-engagement-in-der-siedlergemeinschaft-waldshut-zum-ehrenvorstand-ernannt;art372623,10902242\">Weiterlesen im S\u00fcdkurier &#8230;<\/a><\/p>\n","protected":false},"excerpt":{"rendered":"<p>Bernhard Br\u00f6cheler wird als Dankesch\u00f6n f\u00fcr sein Engagement in der Siedlergemeinschaft Waldshut zum Ehrenvorstand ernannt Bernhard Br\u00f6cheler (links) wurde zum Ehrenvorstand ernannt, die goldene Ehrennadel f\u00fcr 40 Jahre im Verein bekamen Waltraud und Rudolf Klemm. |&nbsp;Bild: Susanne Schleinzer-Bilal Weiterlesen im S\u00fcdkurier &#8230;<\/p>\n","protected":false},"author":1,"featured_media":4463,"comment_status":"closed","ping_status":"closed","sticky":false,"template":"","format":"standard","meta":{"_genesis_hide_title":false,"_genesis_hide_breadcrumbs":false,"_genesis_hide_singular_image":false,"_genesis_hide_footer_widgets":false,"_genesis_custom_body_class":"","_genesis_custom_post_class":"","_genesis_layout":"","footnotes":""},"categories":[1,3],"tags":[],"class_list":{"0":"post-4442","1":"post","2":"type-post","3":"status-publish","4":"format-standard","5":"has-post-thumbnail","7":"category-aktuell","8":"category-nachrichten","9":"entry"},"_links":{"self":[{"href":"https:\/\/siedler-wt.de\/w\/wp-json\/wp\/v2\/posts\/4442","targetHints":{"allow":["GET"]}}],"collection":[{"href":"https:\/\/siedler-wt.de\/w\/wp-json\/wp\/v2\/posts"}],"about":[{"href":"https:\/\/siedler-wt.de\/w\/wp-json\/wp\/v2\/types\/post"}],"author":[{"embeddable":true,"href":"https:\/\/siedler-wt.de\/w\/wp-json\/wp\/v2\/users\/1"}],"replies":[{"embeddable":true,"href":"https:\/\/siedler-wt.de\/w\/wp-json\/wp\/v2\/comments?post=4442"}],"version-history":[{"count":2,"href":"https:\/\/siedler-wt.de\/w\/wp-json\/wp\/v2\/posts\/4442\/revisions"}],"predecessor-version":[{"id":4445,"href":"https:\/\/siedler-wt.de\/w\/wp-json\/wp\/v2\/posts\/4442\/revisions\/4445"}],"wp:featuredmedia":[{"embeddable":true,"href":"https:\/\/siedler-wt.de\/w\/wp-json\/wp\/v2\/media\/4463"}],"wp:attachment":[{"href":"https:\/\/siedler-wt.de\/w\/wp-json\/wp\/v2\/media?parent=4442"}],"wp:term":[{"taxonomy":"category","embeddable":true,"href":"https:\/\/siedler-wt.de\/w\/wp-json\/wp\/v2\/categories?post=4442"},{"taxonomy":"post_tag","embeddable":true,"href":"https:\/\/siedler-wt.de\/w\/wp-json\/wp\/v2\/tags?post=4442"}],"curies":[{"name":"wp","href":"https:\/\/api.w.org\/{rel}","templated":true}]}}