{"id":4391,"date":"2020-11-24T17:34:35","date_gmt":"2020-11-24T16:34:35","guid":{"rendered":"https:\/\/www.siedler-wt.de\/w\/?p=4391"},"modified":"2020-11-24T17:34:35","modified_gmt":"2020-11-24T16:34:35","slug":"weihnachten","status":"publish","type":"post","link":"https:\/\/siedler-wt.de\/w\/2020\/11\/24\/weihnachten\/","title":{"rendered":"Weihnachten"},"content":{"rendered":"<p><strong><em>Liebe Siedlerfreunde<\/em><\/strong><em>,<\/em><\/p>\n<p><em>wir befinden uns gerade in einer au\u00dfergew\u00f6hnlichen Zeit. Egal welche kreativen Ideen wir umsetzen m\u00f6chten, die Pandemie Verordnung schiebt uns den Riegel vor.<\/em><\/p>\n<p>Unsere j\u00e4hrliche Mitgliederversammlung konnte nicht stattfinden und die Nikolaus\/Weihnachtsfeier im Siedlerheim muss ausfallen. Aber auch im Freien mit Feuer und Gl\u00fchwein (wie im letzten Siedlerheft angek\u00fcndigt) d\u00fcrfen wir <strong>nicht<\/strong> feiern.<\/p>\n<p>Trotzdem w\u00fcrden wir gerne dem Siedlernachwuchs mit einem kleinen Geschenkt\u00e4schchen eine Freude machen. Zum heutigen Zeitpunkt m\u00f6chte der Nikolaus am Samstag, 05.12.20 bei Einbruch der Dunkelheit eine kleine Runde durch die Stra\u00dfen der Schmittenau gehen und den Kindern leuchtende Augen zaubern. Wir hoffen, dass wenigstens dies am Nikolausvorabend klappen wird.<\/p>\n<p>&nbsp;<\/p>\n<p><strong>Auf diesem Wege w\u00fcnschen wir, allen Siedlern\u00a0<\/strong><strong>Gro\u00df und Klein, eine<\/strong> <strong>besinnliche Weihnachtszeit und\u00a0<\/strong><strong><em>bleibt gesund\/bleiben Sie gesund.<\/em><\/strong><\/p>\n<p><em>Herzliche Gr\u00fc\u00dfe von der Vorstandschaft<\/em><\/p>\n","protected":false},"excerpt":{"rendered":"<p>Liebe Siedlerfreunde, wir befinden uns gerade in einer au\u00dfergew\u00f6hnlichen Zeit. Egal welche kreativen Ideen wir umsetzen m\u00f6chten, die Pandemie Verordnung schiebt uns den Riegel vor. Unsere j\u00e4hrliche Mitgliederversammlung konnte nicht stattfinden und die Nikolaus\/Weihnachtsfeier im Siedlerheim muss ausfallen. Aber auch im Freien mit Feuer und Gl\u00fchwein (wie im letzten Siedlerheft angek\u00fcndigt) d\u00fcrfen wir nicht feiern. [&hellip;]<\/p>\n","protected":false},"author":1,"featured_media":0,"comment_status":"closed","ping_status":"closed","sticky":false,"template":"","format":"standard","meta":{"_genesis_hide_title":false,"_genesis_hide_breadcrumbs":false,"_genesis_hide_singular_image":false,"_genesis_hide_footer_widgets":false,"_genesis_custom_body_class":"","_genesis_custom_post_class":"","_genesis_layout":"","footnotes":""},"categories":[1,3],"tags":[128,18],"class_list":{"0":"post-4391","1":"post","2":"type-post","3":"status-publish","4":"format-standard","6":"category-aktuell","7":"category-nachrichten","8":"tag-pandemie","9":"tag-weihnachtsfeier","10":"entry"},"_links":{"self":[{"href":"https:\/\/siedler-wt.de\/w\/wp-json\/wp\/v2\/posts\/4391","targetHints":{"allow":["GET"]}}],"collection":[{"href":"https:\/\/siedler-wt.de\/w\/wp-json\/wp\/v2\/posts"}],"about":[{"href":"https:\/\/siedler-wt.de\/w\/wp-json\/wp\/v2\/types\/post"}],"author":[{"embeddable":true,"href":"https:\/\/siedler-wt.de\/w\/wp-json\/wp\/v2\/users\/1"}],"replies":[{"embeddable":true,"href":"https:\/\/siedler-wt.de\/w\/wp-json\/wp\/v2\/comments?post=4391"}],"version-history":[{"count":1,"href":"https:\/\/siedler-wt.de\/w\/wp-json\/wp\/v2\/posts\/4391\/revisions"}],"predecessor-version":[{"id":4392,"href":"https:\/\/siedler-wt.de\/w\/wp-json\/wp\/v2\/posts\/4391\/revisions\/4392"}],"wp:attachment":[{"href":"https:\/\/siedler-wt.de\/w\/wp-json\/wp\/v2\/media?parent=4391"}],"wp:term":[{"taxonomy":"category","embeddable":true,"href":"https:\/\/siedler-wt.de\/w\/wp-json\/wp\/v2\/categories?post=4391"},{"taxonomy":"post_tag","embeddable":true,"href":"https:\/\/siedler-wt.de\/w\/wp-json\/wp\/v2\/tags?post=4391"}],"curies":[{"name":"wp","href":"https:\/\/api.w.org\/{rel}","templated":true}]}}