{"id":3942,"date":"2018-02-12T18:33:17","date_gmt":"2018-02-12T17:33:17","guid":{"rendered":"https:\/\/www.siedler-wt.de\/w\/?p=3942"},"modified":"2018-04-07T17:31:57","modified_gmt":"2018-04-07T15:31:57","slug":"mitgliederversammlung-2018","status":"publish","type":"post","link":"https:\/\/siedler-wt.de\/w\/2018\/02\/12\/mitgliederversammlung-2018\/","title":{"rendered":"Mitgliederversammlung 2018"},"content":{"rendered":"<h3>Einladung zu Mitgliederversammlung 2018<\/h3>\n<ul>\n<li>Freitag, 23. M\u00e4rz 2018<\/li>\n<li>19:00 Uhr<\/li>\n<li>im Siedlerheim<\/li>\n<\/ul>\n<h3>Tagesordnung<\/h3>\n<p>01. Begr\u00fc\u00dfung<br \/>\n02. Totengedenken<br \/>\n03. Ansprachen \/ Gru\u00dfworte von G\u00e4sten<br \/>\n04. Protokoll der Mitgliederversammlung 2017<br \/>\n05. Rechenschaftsberichte<br \/>\n&#8211; Vorstand<br \/>\n&#8211; Kassierer<br \/>\n&#8211; Kassenpr\u00fcfer<br \/>\n06. Ehrungen<br \/>\n07. Entlastung des Vorstandes<br \/>\n08. Wahlen<br \/>\n09. W\u00fcnsche und Antr\u00e4ge<\/p>\n<p><!--more--><\/p>\n<p>W\u00fcnsche und Antr\u00e4ge sind bis sp\u00e4testens 04. M\u00e4rz 2018 einzugeben bei<\/p>\n<p>Bernhard Br\u00f6cheler<br \/>\nZ\u00fcricher Str. 15<br \/>\n79761 Waldshut-Tiengen<br \/>\nTel.: 07751 \/ 3819<\/p>\n<p>Bei sp\u00e4terem Eingang k\u00f6nnen diese Punkte erst bei der darauf folgenden Mitgliederversammlung ber\u00fccksichtigt werden.<\/p>\n<p>Wir freuen uns auf zahlreichen Besuch.<\/p>\n<p>Mit freundlichem Gru\u00df<\/p>\n<p><em>Bernhard Br\u00f6cheler<\/em><br \/>\n<em>(Vorstand)<\/em><\/p>\n","protected":false},"excerpt":{"rendered":"<p>Freitag, 23. M\u00e4rz 2018<br \/>19:00 Uhr<br \/> im Siedlerheim<\/p>\n<p><b>Tagesordnung<\/b><br \/>\n01. Begr\u00fc\u00dfung<br \/>\n02. Totengedenken<br \/>\n03. Ansprachen \/ Gru\u00dfworte von G\u00e4sten<br \/>\n04. Protokoll der Mitgliederversammlung 2017<br \/>\n05. Rechenschaftsberichte<br \/>\n&#8211; Vorstand<br \/>\n&#8211; Kassierer<br \/>\n&#8211; Kassenpr\u00fcfer<br \/>\n06. Ehrungen<br \/>\n07. Entlastung des Vorstandes<br \/>\n08. Wahlen<br \/>\n09. W\u00fcnsche und Antr\u00e4ge<\/p>\n<p><b><a href=\"https:\/\/siedler-wt.de\/w\/2018\/02\/12\/mitgliederversammlung-2018\/\">Einladung anzeigen<\/a><\/b><\/p>\n","protected":false},"author":1,"featured_media":0,"comment_status":"open","ping_status":"closed","sticky":false,"template":"","format":"standard","meta":{"_genesis_hide_title":false,"_genesis_hide_breadcrumbs":false,"_genesis_hide_singular_image":false,"_genesis_hide_footer_widgets":false,"_genesis_custom_body_class":"","_genesis_custom_post_class":"","_genesis_layout":"","footnotes":""},"categories":[76],"tags":[85,84],"class_list":{"0":"post-3942","1":"post","2":"type-post","3":"status-publish","4":"format-standard","6":"category-archiv","7":"tag-jahreshauptversammlung","8":"tag-mitgliederversammlung","9":"entry"},"_links":{"self":[{"href":"https:\/\/siedler-wt.de\/w\/wp-json\/wp\/v2\/posts\/3942","targetHints":{"allow":["GET"]}}],"collection":[{"href":"https:\/\/siedler-wt.de\/w\/wp-json\/wp\/v2\/posts"}],"about":[{"href":"https:\/\/siedler-wt.de\/w\/wp-json\/wp\/v2\/types\/post"}],"author":[{"embeddable":true,"href":"https:\/\/siedler-wt.de\/w\/wp-json\/wp\/v2\/users\/1"}],"replies":[{"embeddable":true,"href":"https:\/\/siedler-wt.de\/w\/wp-json\/wp\/v2\/comments?post=3942"}],"version-history":[{"count":11,"href":"https:\/\/siedler-wt.de\/w\/wp-json\/wp\/v2\/posts\/3942\/revisions"}],"predecessor-version":[{"id":3954,"href":"https:\/\/siedler-wt.de\/w\/wp-json\/wp\/v2\/posts\/3942\/revisions\/3954"}],"wp:attachment":[{"href":"https:\/\/siedler-wt.de\/w\/wp-json\/wp\/v2\/media?parent=3942"}],"wp:term":[{"taxonomy":"category","embeddable":true,"href":"https:\/\/siedler-wt.de\/w\/wp-json\/wp\/v2\/categories?post=3942"},{"taxonomy":"post_tag","embeddable":true,"href":"https:\/\/siedler-wt.de\/w\/wp-json\/wp\/v2\/tags?post=3942"}],"curies":[{"name":"wp","href":"https:\/\/api.w.org\/{rel}","templated":true}]}}