{"id":3714,"date":"2017-02-14T16:29:53","date_gmt":"2017-02-14T15:29:53","guid":{"rendered":"https:\/\/www.siedler-wt.de\/w\/?p=3714"},"modified":"2019-09-20T21:45:08","modified_gmt":"2019-09-20T19:45:08","slug":"mitgliederversammlung-2017","status":"publish","type":"post","link":"https:\/\/siedler-wt.de\/w\/2017\/02\/14\/mitgliederversammlung-2017\/","title":{"rendered":"Mitgliederversammlung 2017"},"content":{"rendered":"<h2 style=\"text-align: left;\">Einladung zur Mitgliederversammlung 2017<\/h2>\n<h4 style=\"text-align: left;\"><span style=\"color: #808000;\"><strong>Freitag, 24. M\u00e4rz 2017<br \/>\n<\/strong><strong>19:00 Uhr im Siedlerheim<\/strong><\/span><\/h4>\n<h3>Tagesordnung<\/h3>\n<ol>\n<li>Begr\u00fc\u00dfung<\/li>\n<li>Totengedenken<\/li>\n<li>Ansprachen \/ Gru\u00dfworte von G\u00e4sten<\/li>\n<li>Protokoll der Mitgliederversammlung 2016<\/li>\n<li>Rechenschaftsberichte<br \/>\n&#8211; Vorstand<br \/>\n&#8211; Kassierer<br \/>\n&#8211; Kassenpr\u00fcfer<\/li>\n<li>Ehrungen<\/li>\n<li>Entlastung des Vorstandes<\/li>\n<li>Wahlen<\/li>\n<li>W\u00fcnsche und Antr\u00e4ge<\/li>\n<\/ol>\n<p>W\u00fcnsche und Antr\u00e4ge sind bis sp\u00e4testens 10. M\u00e4rz 2017 beim Schriftf\u00fchrer schriftlich per Post oder Email einzureichen.<br \/>\nBei sp\u00e4terem Eingang k\u00f6nnen diese Punkte erst bei der darauf folgenden Mitgliederversammlung ber\u00fccksichtigt werden.<\/p>\n<p>Wir freuen uns auf zahlreichen Besuch.<\/p>\n<p><em><strong>Mit freundlichem Gru\u00df<\/strong><\/em><\/p>\n<p><em><strong>Albert Bornhauser-Urner<\/strong><\/em><br \/>\n<em><strong> Vorstand und Schriftf\u00fchrer<\/strong><\/em><\/p>\n","protected":false},"excerpt":{"rendered":"<p>Einladung zur Mitgliederversammlung 2017 Freitag, 24. M\u00e4rz 2017 19:00 Uhr im Siedlerheim Tagesordnung Begr\u00fc\u00dfung Totengedenken Ansprachen \/ Gru\u00dfworte von G\u00e4sten Protokoll der Mitgliederversammlung 2016 Rechenschaftsberichte &#8211; Vorstand &#8211; Kassierer &#8211; Kassenpr\u00fcfer Ehrungen Entlastung des Vorstandes Wahlen W\u00fcnsche und Antr\u00e4ge W\u00fcnsche und Antr\u00e4ge sind bis sp\u00e4testens 10. M\u00e4rz 2017 beim Schriftf\u00fchrer schriftlich per Post oder Email [&hellip;]<\/p>\n","protected":false},"author":1,"featured_media":0,"comment_status":"open","ping_status":"closed","sticky":false,"template":"","format":"standard","meta":{"_genesis_hide_title":false,"_genesis_hide_breadcrumbs":false,"_genesis_hide_singular_image":false,"_genesis_hide_footer_widgets":false,"_genesis_custom_body_class":"","_genesis_custom_post_class":"","_genesis_layout":"","footnotes":""},"categories":[76],"tags":[85,84],"class_list":{"0":"post-3714","1":"post","2":"type-post","3":"status-publish","4":"format-standard","6":"category-archiv","7":"tag-jahreshauptversammlung","8":"tag-mitgliederversammlung","9":"entry"},"_links":{"self":[{"href":"https:\/\/siedler-wt.de\/w\/wp-json\/wp\/v2\/posts\/3714","targetHints":{"allow":["GET"]}}],"collection":[{"href":"https:\/\/siedler-wt.de\/w\/wp-json\/wp\/v2\/posts"}],"about":[{"href":"https:\/\/siedler-wt.de\/w\/wp-json\/wp\/v2\/types\/post"}],"author":[{"embeddable":true,"href":"https:\/\/siedler-wt.de\/w\/wp-json\/wp\/v2\/users\/1"}],"replies":[{"embeddable":true,"href":"https:\/\/siedler-wt.de\/w\/wp-json\/wp\/v2\/comments?post=3714"}],"version-history":[{"count":5,"href":"https:\/\/siedler-wt.de\/w\/wp-json\/wp\/v2\/posts\/3714\/revisions"}],"predecessor-version":[{"id":3719,"href":"https:\/\/siedler-wt.de\/w\/wp-json\/wp\/v2\/posts\/3714\/revisions\/3719"}],"wp:attachment":[{"href":"https:\/\/siedler-wt.de\/w\/wp-json\/wp\/v2\/media?parent=3714"}],"wp:term":[{"taxonomy":"category","embeddable":true,"href":"https:\/\/siedler-wt.de\/w\/wp-json\/wp\/v2\/categories?post=3714"},{"taxonomy":"post_tag","embeddable":true,"href":"https:\/\/siedler-wt.de\/w\/wp-json\/wp\/v2\/tags?post=3714"}],"curies":[{"name":"wp","href":"https:\/\/api.w.org\/{rel}","templated":true}]}}